{"id":1046,"date":"2023-11-03T10:27:29","date_gmt":"2023-11-03T09:27:29","guid":{"rendered":"https:\/\/www.authomath.org\/?p=1046"},"modified":"2023-11-03T22:48:16","modified_gmt":"2023-11-03T21:48:16","slug":"seiem-xxvi","status":"publish","type":"post","link":"https:\/\/www.authomath.org\/?p=1046&lang=es","title":{"rendered":"SEIEM XXVI"},"content":{"rendered":"\n<p>Mar\u00eda Sanz-Ruiz present\u00f3 los avances realizados por el equipo de la Universidad de Cantabria con el p\u00f3ster &#8220;Resoluci\u00f3n de ecuaciones lineales mediante una herramienta de retroalimentaci\u00f3n&#8221; durante el XXVI Simposio de la SEIEM en Logro\u00f1o, Espa\u00f1a. SEIEM son las siglas de Sociedad Espa\u00f1ola de Investigaci\u00f3n en Educaci\u00f3n Matem\u00e1tica. El evento se celebr\u00f3 del 6 al 8 de septiembre de 2023 en La Universidad de La Rioja. El p\u00f3ster se puede consultar <a href=\"https:\/\/www.authomath.org\/wp-content\/uploads\/2023\/10\/Poster-SEIEM-619710.pdf\">aqu\u00ed<\/a>.<\/p>\n\n\n\n<figure class=\"wp-block-gallery has-nested-images columns-default is-cropped wp-block-gallery-1 is-layout-flex wp-block-gallery-is-layout-flex\">\n<figure class=\"wp-block-image size-large\"><a href=\"https:\/\/www.authomath.org\/?attachment_id=516\"><img loading=\"lazy\" decoding=\"async\" width=\"688\" height=\"955\" data-id=\"516\" src=\"https:\/\/www.authomath.org\/wp-content\/uploads\/2023\/09\/378118346_10167724749750063_2689180547902429371_n.jpg\" alt=\"\" class=\"wp-image-516\" srcset=\"https:\/\/www.authomath.org\/wp-content\/uploads\/2023\/09\/378118346_10167724749750063_2689180547902429371_n.jpg 688w, https:\/\/www.authomath.org\/wp-content\/uploads\/2023\/09\/378118346_10167724749750063_2689180547902429371_n-216x300.jpg 216w, https:\/\/www.authomath.org\/wp-content\/uploads\/2023\/09\/378118346_10167724749750063_2689180547902429371_n-600x833.jpg 600w\" sizes=\"auto, (max-width: 688px) 100vw, 688px\" \/><\/a><\/figure>\n\n\n\n<figure class=\"wp-block-image size-large\"><a href=\"https:\/\/www.authomath.org\/?attachment_id=515\"><img loading=\"lazy\" decoding=\"async\" width=\"879\" height=\"1024\" data-id=\"515\" src=\"https:\/\/www.authomath.org\/wp-content\/uploads\/2023\/09\/378122065_10167724749505063_1010177772765731960_n-879x1024.jpg\" alt=\"\" class=\"wp-image-515\" srcset=\"https:\/\/www.authomath.org\/wp-content\/uploads\/2023\/09\/378122065_10167724749505063_1010177772765731960_n-879x1024.jpg 879w, https:\/\/www.authomath.org\/wp-content\/uploads\/2023\/09\/378122065_10167724749505063_1010177772765731960_n-257x300.jpg 257w, https:\/\/www.authomath.org\/wp-content\/uploads\/2023\/09\/378122065_10167724749505063_1010177772765731960_n-768x895.jpg 768w, https:\/\/www.authomath.org\/wp-content\/uploads\/2023\/09\/378122065_10167724749505063_1010177772765731960_n-1318x1536.jpg 1318w, https:\/\/www.authomath.org\/wp-content\/uploads\/2023\/09\/378122065_10167724749505063_1010177772765731960_n-600x699.jpg 600w, https:\/\/www.authomath.org\/wp-content\/uploads\/2023\/09\/378122065_10167724749505063_1010177772765731960_n.jpg 1354w\" sizes=\"auto, (max-width: 706px) 89vw, (max-width: 767px) 82vw, 740px\" \/><\/a><\/figure>\n<\/figure>\n\n\n\n<p>Este trabajo ser\u00e1 publicado en las Actas del congreso como:<\/p>\n\n\n\n<p>Sanz-Ruiz, M., Diego-Mantec\u00f3n, J. M., Ortiz-Laso, Z., &amp; Blanco, T. F. (2023). Resoluci\u00f3n de ecuaciones lineales mediante una herramienta de retroalimentaci\u00f3n. En C. Jim\u00e9nez-Gestal, A. A. Magre\u00f1\u00e1n-Ruiz, E. Badillo-Jim\u00e9nez &amp; P. Ivars (Eds.), <em>Investigaci\u00f3n en Educaci\u00f3n Matem\u00e1tica XXVI.<\/em> SEIEM.<\/p>\n\n\n\n<blockquote class=\"wp-block-quote is-layout-flow wp-block-quote-is-layout-flow\">\n<p><\/p>\n<\/blockquote>\n","protected":false},"excerpt":{"rendered":"<p>Mar\u00eda Sanz-Ruiz present\u00f3 los avances realizados por el equipo de la Universidad de Cantabria con el p\u00f3ster &#8220;Resoluci\u00f3n de ecuaciones lineales mediante una herramienta de retroalimentaci\u00f3n&#8221; durante el XXVI Simposio de la SEIEM en Logro\u00f1o, Espa\u00f1a. SEIEM son las siglas de Sociedad Espa\u00f1ola de Investigaci\u00f3n en Educaci\u00f3n Matem\u00e1tica. El evento se celebr\u00f3 del 6 al &hellip; <\/p>\n<p class=\"link-more\"><a href=\"https:\/\/www.authomath.org\/?p=1046&#038;lang=es\" class=\"more-link\">Continue reading<span class=\"screen-reader-text\"> &#8220;SEIEM XXVI&#8221;<\/span><\/a><\/p>\n","protected":false},"author":3,"featured_media":0,"comment_status":"open","ping_status":"open","sticky":false,"template":"","format":"standard","meta":{"footnotes":""},"categories":[17],"tags":[],"class_list":["post-1046","post","type-post","status-publish","format-standard","hentry","category-uncategorized-es"],"_links":{"self":[{"href":"https:\/\/www.authomath.org\/index.php?rest_route=\/wp\/v2\/posts\/1046","targetHints":{"allow":["GET"]}}],"collection":[{"href":"https:\/\/www.authomath.org\/index.php?rest_route=\/wp\/v2\/posts"}],"about":[{"href":"https:\/\/www.authomath.org\/index.php?rest_route=\/wp\/v2\/types\/post"}],"author":[{"embeddable":true,"href":"https:\/\/www.authomath.org\/index.php?rest_route=\/wp\/v2\/users\/3"}],"replies":[{"embeddable":true,"href":"https:\/\/www.authomath.org\/index.php?rest_route=%2Fwp%2Fv2%2Fcomments&post=1046"}],"version-history":[{"count":5,"href":"https:\/\/www.authomath.org\/index.php?rest_route=\/wp\/v2\/posts\/1046\/revisions"}],"predecessor-version":[{"id":1176,"href":"https:\/\/www.authomath.org\/index.php?rest_route=\/wp\/v2\/posts\/1046\/revisions\/1176"}],"wp:attachment":[{"href":"https:\/\/www.authomath.org\/index.php?rest_route=%2Fwp%2Fv2%2Fmedia&parent=1046"}],"wp:term":[{"taxonomy":"category","embeddable":true,"href":"https:\/\/www.authomath.org\/index.php?rest_route=%2Fwp%2Fv2%2Fcategories&post=1046"},{"taxonomy":"post_tag","embeddable":true,"href":"https:\/\/www.authomath.org\/index.php?rest_route=%2Fwp%2Fv2%2Ftags&post=1046"}],"curies":[{"name":"wp","href":"https:\/\/api.w.org\/{rel}","templated":true}]}}